{"id":2529,"date":"2022-11-29T09:25:01","date_gmt":"2022-11-29T09:25:01","guid":{"rendered":"https:\/\/www.fincasbautista.es\/?p=2529"},"modified":"2023-03-22T10:42:38","modified_gmt":"2023-03-22T10:42:38","slug":"alerta-i-restriccions-per-sequera","status":"publish","type":"post","link":"https:\/\/www.fincasbautista.es\/index.php\/2022\/11\/29\/alerta-i-restriccions-per-sequera\/","title":{"rendered":"Alerta i restriccions per sequera"},"content":{"rendered":"<p>[et_pb_section fb_built=\u00bb1&#8243; _builder_version=\u00bb4.18.0&#8243; _module_preset=\u00bbdefault\u00bb da_disable_devices=\u00bboff|off|off\u00bb global_colors_info=\u00bb{}\u00bb da_is_popup=\u00bboff\u00bb da_exit_intent=\u00bboff\u00bb da_has_close=\u00bbon\u00bb da_alt_close=\u00bboff\u00bb da_dark_close=\u00bboff\u00bb da_not_modal=\u00bbon\u00bb da_is_singular=\u00bboff\u00bb da_with_loader=\u00bboff\u00bb da_has_shadow=\u00bbon\u00bb][et_pb_row _builder_version=\u00bb4.18.0&#8243; _module_preset=\u00bbdefault\u00bb global_colors_info=\u00bb{}\u00bb][et_pb_column type=\u00bb4_4&#8243; _builder_version=\u00bb4.18.0&#8243; _module_preset=\u00bbdefault\u00bb global_colors_info=\u00bb{}\u00bb][et_pb_text _builder_version=\u00bb4.19.2&#8243; _module_preset=\u00bbdefault\u00bb hover_enabled=\u00bb0&#8243; global_colors_info=\u00bb{}\u00bb sticky_enabled=\u00bb0&#8243;]<\/p>\n<div>\n<p><span>Estimat client,<\/span><\/p>\n<table border=\"0\" bgcolor=\"\" align=\"center\" cellpadding=\"0\" cellspacing=\"0\">\n<tbody>\n<tr>\n<td align=\"left\" valign=\"top\">\n<div>\n<p><span>L\u2019Ag\u00e8ncia Catalana de l\u2019Aigua (ACA) ha activat la <strong>fase d\u2019excepcionalitat per la sequera extrema<\/strong> del sistema Ter-Llobregat i de l&#8217;aq\u00fc\u00edfer del Fluvi\u00e0 Muga i a <strong>partir d\u2019avui, dijous 2 de mar\u00e7<\/strong>, s\u2019aplicaran una s\u00e8rie de <strong>restriccions<\/strong> que afectaran 224 municipis de 15 comarques i prop de 6 milions d&#8217;habitants.<\/p>\n<p><u><strong>Restriccions:<\/strong><\/u><\/span><\/div>\n<ul>\n<li><span>Reducci\u00f3 del 40% de l\u2019aigua per a usos agr\u00edcoles.<\/span><\/li>\n<li><span>Reducci\u00f3 del 15% per a usos industrials.<\/span><\/li>\n<li><span>Reducci\u00f3 de l\u2019aigua per a usos l\u00fadics (15% en usos assimilables i 50% en reg).<\/span><\/li>\n<li><span>Prohibici\u00f3 del reg de zones verdes, tant p\u00fabliques com privades (nom\u00e9s es permetr\u00e0 l\u2019aigua per mantenir viu l\u2019arbrat i fent-ho gota a gota o amb regadores).<\/span><\/li>\n<li><span>Prohibici\u00f3 de la neteja de carrers amb aigua potable.<\/span><\/li>\n<li><span>Reducci\u00f3 del prove\u00efment d\u2019aigua a 230 litres per habitant i dia.<\/span><\/li>\n<li><span>Piscines: nom\u00e9s es poden omplir parcialment les piscines amb sistema de recirculaci\u00f3 de l&#8217;aigua, en les quantitats indispensables per garantir la qualitat sanit\u00e0ria. En centres educatius, l&#8217;ompliment complet o parcial de piscines desmuntables de capacitat inferior a 500 litres per al bany d&#8217;infants.<\/span><\/li>\n<\/ul>\n<div>\n<p><span>T\u2019adjuntem una <strong><a href=\"https:\/\/www.relaciona-t.net\/admin\/link.php?M=6557920&amp;N=13527&amp;L=17241&amp;F=H\" rel=\"noopener noreferrer\" target=\"_blank\" data-saferedirecturl=\"https:\/\/www.google.com\/url?q=https:\/\/www.relaciona-t.net\/admin\/link.php?M%3D6557920%26N%3D13527%26L%3D17241%26F%3DH&amp;source=gmail&amp;ust=1679567036709000&amp;usg=AOvVaw2vt-j7KWlIFE9tuqlG2Q-3\">INFOGRAFIA<\/a>\u00a0<\/strong>explicativa de les limitacions en l\u2019\u00fas de l\u2019aigua que pots fer arribar als teus clients, si ho creus adient.<\/p>\n<p>A m\u00e9s, el Govern ha aprovat el <a href=\"https:\/\/www.relaciona-t.net\/admin\/link.php?M=6557920&amp;N=13527&amp;L=17240&amp;F=H\" rel=\"noopener noreferrer\" target=\"_blank\" data-saferedirecturl=\"https:\/\/www.google.com\/url?q=https:\/\/www.relaciona-t.net\/admin\/link.php?M%3D6557920%26N%3D13527%26L%3D17240%26F%3DH&amp;source=gmail&amp;ust=1679567036709000&amp;usg=AOvVaw1sQaOwvXasQQgFvg7ytqSM\"><strong>DECRET LLEI 1\/2023<\/strong><\/a> per protegir els abastaments d&#8217;aigua, donar rang jur\u00eddic per agilitzar tr\u00e0mits per a les actuacions que s&#8217;hagin de dur a terme i per dissuadir i penalitzar els possibles incompliments.<\/p>\n<p>Cordialment,<\/span><\/div>\n<div><span>Fincas Bautista<\/span><\/div>\n<\/td>\n<\/tr>\n<\/tbody>\n<\/table>\n<table border=\"0\" align=\"center\" cellpadding=\"0\" cellspacing=\"0\">\n<tbody>\n<tr><\/tr>\n<\/tbody>\n<\/table>\n<\/div>\n<div><\/div>\n<p>[\/et_pb_text][\/et_pb_column][\/et_pb_row][\/et_pb_section]<\/p>\n","protected":false},"excerpt":{"rendered":"<p>Estimat client, L\u2019Ag\u00e8ncia Catalana de l\u2019Aigua (ACA) ha activat la fase d\u2019excepcionalitat per la sequera extrema del sistema Ter-Llobregat i de l&#8217;aq\u00fc\u00edfer del Fluvi\u00e0 Muga i a partir d\u2019avui, dijous 2 de mar\u00e7, s\u2019aplicaran una s\u00e8rie de restriccions que afectaran 224 municipis de 15 comarques i prop de 6 milions d&#8217;habitants. Restriccions: Reducci\u00f3 del 40% [&hellip;]<\/p>\n","protected":false},"author":1,"featured_media":2526,"comment_status":"open","ping_status":"open","sticky":false,"template":"","format":"standard","meta":{"_et_pb_use_builder":"on","_et_pb_old_content":"","_et_gb_content_width":"","_monsterinsights_skip_tracking":false,"_monsterinsights_sitenote_active":false,"_monsterinsights_sitenote_note":"","_monsterinsights_sitenote_category":0,"fifu_image_url":"","fifu_image_alt":"","_jetpack_memberships_contains_paid_content":false,"footnotes":""},"categories":[1],"tags":[],"class_list":["post-2529","post","type-post","status-publish","format-standard","has-post-thumbnail","hentry","category-uncategorized"],"jetpack_featured_media_url":"https:\/\/i0.wp.com\/www.fincasbautista.es\/wp-content\/uploads\/2022\/11\/restricciones_agua-scaled.jpg?fit=2560%2C1707&ssl=1","jetpack-related-posts":[{"id":4042,"url":"https:\/\/www.fincasbautista.es\/index.php\/2024\/06\/21\/pisicinas-comunitarias\/","url_meta":{"origin":2529,"position":0},"title":"AGUA | Piscinas comunitarias: Ahorra de agua, conflictos vecinales, piscinas desmontables&#8230;","author":"Fincasbautista","date":"junio 21, 2024","format":false,"excerpt":"","rel":"","context":"En \u00abAgua\u00bb","block_context":{"text":"Agua","link":"https:\/\/www.fincasbautista.es\/index.php\/category\/agua\/"},"img":{"alt_text":"","src":"https:\/\/i0.wp.com\/www.fincasbautista.es\/wp-content\/uploads\/2024\/06\/img_piscina-scaled.jpg?fit=1200%2C743&ssl=1&resize=350%2C200","width":350,"height":200,"srcset":"https:\/\/i0.wp.com\/www.fincasbautista.es\/wp-content\/uploads\/2024\/06\/img_piscina-scaled.jpg?fit=1200%2C743&ssl=1&resize=350%2C200 1x, https:\/\/i0.wp.com\/www.fincasbautista.es\/wp-content\/uploads\/2024\/06\/img_piscina-scaled.jpg?fit=1200%2C743&ssl=1&resize=525%2C300 1.5x, https:\/\/i0.wp.com\/www.fincasbautista.es\/wp-content\/uploads\/2024\/06\/img_piscina-scaled.jpg?fit=1200%2C743&ssl=1&resize=700%2C400 2x, https:\/\/i0.wp.com\/www.fincasbautista.es\/wp-content\/uploads\/2024\/06\/img_piscina-scaled.jpg?fit=1200%2C743&ssl=1&resize=1050%2C600 3x"},"classes":[]},{"id":3748,"url":"https:\/\/www.fincasbautista.es\/index.php\/2023\/12\/18\/agua-semafor-rosa-escenari-de-preemergencia\/","url_meta":{"origin":2529,"position":1},"title":"AGUA | Recursos, consumos y gesti\u00f3n eficiencia del agua.","author":"Fincasbautista","date":"diciembre 18, 2023","format":false,"excerpt":"","rel":"","context":"En \u00abAgua\u00bb","block_context":{"text":"Agua","link":"https:\/\/www.fincasbautista.es\/index.php\/category\/agua\/"},"img":{"alt_text":"","src":"https:\/\/i0.wp.com\/www.fincasbautista.es\/wp-content\/uploads\/2023\/12\/laiguanocaudelcel3-scaled.jpg?fit=1200%2C822&ssl=1&resize=350%2C200","width":350,"height":200,"srcset":"https:\/\/i0.wp.com\/www.fincasbautista.es\/wp-content\/uploads\/2023\/12\/laiguanocaudelcel3-scaled.jpg?fit=1200%2C822&ssl=1&resize=350%2C200 1x, https:\/\/i0.wp.com\/www.fincasbautista.es\/wp-content\/uploads\/2023\/12\/laiguanocaudelcel3-scaled.jpg?fit=1200%2C822&ssl=1&resize=525%2C300 1.5x, https:\/\/i0.wp.com\/www.fincasbautista.es\/wp-content\/uploads\/2023\/12\/laiguanocaudelcel3-scaled.jpg?fit=1200%2C822&ssl=1&resize=700%2C400 2x, https:\/\/i0.wp.com\/www.fincasbautista.es\/wp-content\/uploads\/2023\/12\/laiguanocaudelcel3-scaled.jpg?fit=1200%2C822&ssl=1&resize=1050%2C600 3x"},"classes":[]},{"id":3148,"url":"https:\/\/www.fincasbautista.es\/index.php\/2023\/06\/09\/alerta-restriccions-per-sequera-a-catalunya\/","url_meta":{"origin":2529,"position":2},"title":"Noves MESURES urgents per la sequera &#8211; PISCINES","author":"Fincasbautista","date":"junio 9, 2023","format":false,"excerpt":"","rel":"","context":"En \u00abApartamentos\u00bb","block_context":{"text":"Apartamentos","link":"https:\/\/www.fincasbautista.es\/index.php\/category\/apartamentos\/"},"img":{"alt_text":"","src":"","width":0,"height":0},"classes":[]},{"id":995,"url":"https:\/\/www.fincasbautista.es\/index.php\/2021\/07\/22\/ultimas-medidas-sanitarias-juntas-de-propietarios\/","url_meta":{"origin":2529,"position":3},"title":"\u00daltimas medidas sanitarias &#8211; Juntas de Propietarios.","author":"Fincasbautista","date":"julio 22, 2021","format":false,"excerpt":"","rel":"","context":"En \u00abComunidades de Propietarios\u00bb","block_context":{"text":"Comunidades de Propietarios","link":"https:\/\/www.fincasbautista.es\/index.php\/category\/comunidades-de-propietarios\/"},"img":{"alt_text":"Medidas de Seguridad - Covid19","src":"https:\/\/i0.wp.com\/www.fincasbautista.es\/wp-content\/uploads\/2021\/07\/charming-girl-with-blond-hair-gathered-in-bun-wearing-striped-knotted-shirt-and-protective-face-mask-pointing-with-index-finger-and-watching-to-the-right-at-copy-space-isolated-over-grey-wall-scaled.jpg?fit=1200%2C800&ssl=1&resize=350%2C200","width":350,"height":200,"srcset":"https:\/\/i0.wp.com\/www.fincasbautista.es\/wp-content\/uploads\/2021\/07\/charming-girl-with-blond-hair-gathered-in-bun-wearing-striped-knotted-shirt-and-protective-face-mask-pointing-with-index-finger-and-watching-to-the-right-at-copy-space-isolated-over-grey-wall-scaled.jpg?fit=1200%2C800&ssl=1&resize=350%2C200 1x, https:\/\/i0.wp.com\/www.fincasbautista.es\/wp-content\/uploads\/2021\/07\/charming-girl-with-blond-hair-gathered-in-bun-wearing-striped-knotted-shirt-and-protective-face-mask-pointing-with-index-finger-and-watching-to-the-right-at-copy-space-isolated-over-grey-wall-scaled.jpg?fit=1200%2C800&ssl=1&resize=525%2C300 1.5x, https:\/\/i0.wp.com\/www.fincasbautista.es\/wp-content\/uploads\/2021\/07\/charming-girl-with-blond-hair-gathered-in-bun-wearing-striped-knotted-shirt-and-protective-face-mask-pointing-with-index-finger-and-watching-to-the-right-at-copy-space-isolated-over-grey-wall-scaled.jpg?fit=1200%2C800&ssl=1&resize=700%2C400 2x, https:\/\/i0.wp.com\/www.fincasbautista.es\/wp-content\/uploads\/2021\/07\/charming-girl-with-blond-hair-gathered-in-bun-wearing-striped-knotted-shirt-and-protective-face-mask-pointing-with-index-finger-and-watching-to-the-right-at-copy-space-isolated-over-grey-wall-scaled.jpg?fit=1200%2C800&ssl=1&resize=1050%2C600 3x"},"classes":[]}],"jetpack_sharing_enabled":true,"_links":{"self":[{"href":"https:\/\/www.fincasbautista.es\/index.php\/wp-json\/wp\/v2\/posts\/2529","targetHints":{"allow":["GET"]}}],"collection":[{"href":"https:\/\/www.fincasbautista.es\/index.php\/wp-json\/wp\/v2\/posts"}],"about":[{"href":"https:\/\/www.fincasbautista.es\/index.php\/wp-json\/wp\/v2\/types\/post"}],"author":[{"embeddable":true,"href":"https:\/\/www.fincasbautista.es\/index.php\/wp-json\/wp\/v2\/users\/1"}],"replies":[{"embeddable":true,"href":"https:\/\/www.fincasbautista.es\/index.php\/wp-json\/wp\/v2\/comments?post=2529"}],"version-history":[{"count":3,"href":"https:\/\/www.fincasbautista.es\/index.php\/wp-json\/wp\/v2\/posts\/2529\/revisions"}],"predecessor-version":[{"id":2947,"href":"https:\/\/www.fincasbautista.es\/index.php\/wp-json\/wp\/v2\/posts\/2529\/revisions\/2947"}],"wp:featuredmedia":[{"embeddable":true,"href":"https:\/\/www.fincasbautista.es\/index.php\/wp-json\/wp\/v2\/media\/2526"}],"wp:attachment":[{"href":"https:\/\/www.fincasbautista.es\/index.php\/wp-json\/wp\/v2\/media?parent=2529"}],"wp:term":[{"taxonomy":"category","embeddable":true,"href":"https:\/\/www.fincasbautista.es\/index.php\/wp-json\/wp\/v2\/categories?post=2529"},{"taxonomy":"post_tag","embeddable":true,"href":"https:\/\/www.fincasbautista.es\/index.php\/wp-json\/wp\/v2\/tags?post=2529"}],"curies":[{"name":"wp","href":"https:\/\/api.w.org\/{rel}","templated":true}]}}