{"id":1528,"date":"2022-02-15T12:43:57","date_gmt":"2022-02-15T12:43:57","guid":{"rendered":"https:\/\/www.fincasbautista.es\/?p=1528"},"modified":"2022-02-15T12:50:25","modified_gmt":"2022-02-15T12:50:25","slug":"eliminacion-del-uso-omascarillas","status":"publish","type":"post","link":"https:\/\/www.fincasbautista.es\/index.php\/2022\/02\/15\/eliminacion-del-uso-omascarillas\/","title":{"rendered":"Eliminaci\u00f3n del uso obligatorio de las mascarillas en espacios exteriores."},"content":{"rendered":"\n[et_pb_section fb_built=\u00bb1&#8243; theme_builder_area=\u00bbpost_content\u00bb _builder_version=\u00bb4.14.7&#8243; _module_preset=\u00bbdefault\u00bb][et_pb_row _builder_version=\u00bb4.14.7&#8243; _module_preset=\u00bbdefault\u00bb theme_builder_area=\u00bbpost_content\u00bb][et_pb_column _builder_version=\u00bb4.14.7&#8243; _module_preset=\u00bbdefault\u00bb type=\u00bb4_4&#8243; theme_builder_area=\u00bbpost_content\u00bb][et_pb_text _builder_version=\u00bb4.14.7&#8243; _module_preset=\u00bbdefault\u00bb theme_builder_area=\u00bbpost_content\u00bb hover_enabled=\u00bb0&#8243; sticky_enabled=\u00bb0&#8243;]<p><span>Te informamos que el pasado mi\u00e9rcoles 9 de febrero se public\u00f3 al BOE el <a href=\"https:\/\/www.boe.es\/boe\/dias\/2022\/02\/09\/pdfs\/BOE-A-2022-2062.pdf\" title=\"Real Decreto usuario de las mascarillas\" target=\"_blank\" rel=\"noopener\">Real Decreto 115\/2022, de 8 de febrero, por el cual se modifica la obligatoriedad del uso de mascarillas durante la situaci\u00f3n de crisis sanitaria ocasionada por la COVID-19<\/a>, de forma que las mascarillas han dejado de ser obligatorias al exterior a partir de este jueves 10 de febrero.<\/span><\/p>\n<p><span>En cuanto a las comunidades de propietarios, te queremos aclarar en qu\u00e9 casos contin\u00faa siendo obligatorio duro la mascarilla y, por el contrario, en qu\u00e9 otros ya no es necesario su uso:<\/span><br \/><span><\/span><\/p>\n<p><span>\u00a0 \u00a0 \u00a0 \u00a0 \u00a0 \u00a0 \u00a0 \u00a0 \u00a0 \u00a0\u00b7\u00a0<strong>El uso de la mascarilla NO ser\u00e1 obligatorio a los espacios abiertos<\/strong> c\u00f3mo son las zonas ajardinadas o de , piscinas, pistas polideportivas y \u00e1reas infantiles. Por lo tanto, en caso de que se celebre una junta de propietarios al aire libre, no ser\u00e1 obligatorio el uso de mascarilla, aunque si es recomendable en el supuesto de que no se pueda garantizar la distancia m\u00ednima interpersonal entre los asistentes.<\/span><br \/><span>\u00a0 \u00a0 \u00a0 \u00a0 \u00a0 \u00a0 \u00a0 \u00a0 \u00a0<strong> \u00a0<\/strong><\/span><\/p>\n<p><span><strong>\u00a0 \u00a0 \u00a0 \u00a0 \u00a0 \u00a0 \u00a0 \u00a0 \u00a0 \u00b7 El uso de la mascarilla continuar\u00e1 siendo obligatorio a los espacios cerrados<\/strong> c\u00f3mo son los portales, escalas, ascensores, trasteros, garajes, gimnasios y salas multe usos as\u00ed como durante el transcurso de la celebraci\u00f3n de una junta si esta se celebra en espacio cerrado.<\/span><br \/><span><\/span><\/p>\n<p><span>Para m\u00e1s informaci\u00f3n, pod\u00e9is descargaros esta <a href=\"https:\/\/www.fincasbautista.es\/wp-content\/uploads\/2022\/02\/CAFBL_UsMascareta_CAT.pdf\">INFOGRAF\u00cdA <\/a>para que teng\u00e1is constancia de las zonas el cual se debe llevar mascarilla o no.<\/span><\/p>\n<p><span>Como siempre, para cualquier duda o m\u00e1s informaci\u00f3n sobre este tema, puedes consultarnos cualquier otro detalle sobre este tema, envi\u00e1ndonos un <a href=\"https:\/\/www.fincasbautista.es\/index.php\/contacto\/\">mensaje<\/a>.<\/span><\/p>\n<p>Gracias por vuestra atenci\u00f3n.<\/p>[\/et_pb_text][\/et_pb_column][\/et_pb_row][\/et_pb_section]\n","protected":false},"excerpt":{"rendered":"<p>Te informamos que el pasado mi\u00e9rcoles 9 de febrero se public\u00f3 al BOE el Real Decreto 115\/2022, de 8 de febrero, por el cual se modifica la obligatoriedad del uso de mascarillas durante la situaci\u00f3n de crisis sanitaria ocasionada por la COVID-19, de forma que las mascarillas han dejado de ser obligatorias al exterior a [&hellip;]<\/p>\n","protected":false},"author":1,"featured_media":1529,"comment_status":"open","ping_status":"open","sticky":false,"template":"","format":"standard","meta":{"_et_pb_use_builder":"on","_et_pb_old_content":"","_et_gb_content_width":"","_monsterinsights_skip_tracking":false,"_monsterinsights_sitenote_active":false,"_monsterinsights_sitenote_note":"","_monsterinsights_sitenote_category":0,"fifu_image_url":"","fifu_image_alt":"","_jetpack_memberships_contains_paid_content":false,"footnotes":""},"categories":[10,4,9,96,95],"tags":[],"class_list":["post-1528","post","type-post","status-publish","format-standard","has-post-thumbnail","hentry","category-comunidades-de-propietarios","category-covid19","category-juntas-de-propietarios","category-uso-de-mascarilla","category-uso-de-mascarillas"],"jetpack_featured_media_url":"https:\/\/i0.wp.com\/www.fincasbautista.es\/wp-content\/uploads\/2022\/02\/mascarilla_out.jpeg?fit=2048%2C1162&ssl=1","jetpack-related-posts":[{"id":4042,"url":"https:\/\/www.fincasbautista.es\/index.php\/2024\/06\/21\/pisicinas-comunitarias\/","url_meta":{"origin":1528,"position":0},"title":"AGUA | Piscinas comunitarias: Ahorra de agua, conflictos vecinales, piscinas desmontables&#8230;","author":"Fincasbautista","date":"junio 21, 2024","format":false,"excerpt":"","rel":"","context":"En \u00abAgua\u00bb","block_context":{"text":"Agua","link":"https:\/\/www.fincasbautista.es\/index.php\/category\/agua\/"},"img":{"alt_text":"","src":"https:\/\/i0.wp.com\/www.fincasbautista.es\/wp-content\/uploads\/2024\/06\/img_piscina-scaled.jpg?fit=1200%2C743&ssl=1&resize=350%2C200","width":350,"height":200,"srcset":"https:\/\/i0.wp.com\/www.fincasbautista.es\/wp-content\/uploads\/2024\/06\/img_piscina-scaled.jpg?fit=1200%2C743&ssl=1&resize=350%2C200 1x, https:\/\/i0.wp.com\/www.fincasbautista.es\/wp-content\/uploads\/2024\/06\/img_piscina-scaled.jpg?fit=1200%2C743&ssl=1&resize=525%2C300 1.5x, https:\/\/i0.wp.com\/www.fincasbautista.es\/wp-content\/uploads\/2024\/06\/img_piscina-scaled.jpg?fit=1200%2C743&ssl=1&resize=700%2C400 2x, https:\/\/i0.wp.com\/www.fincasbautista.es\/wp-content\/uploads\/2024\/06\/img_piscina-scaled.jpg?fit=1200%2C743&ssl=1&resize=1050%2C600 3x"},"classes":[]},{"id":995,"url":"https:\/\/www.fincasbautista.es\/index.php\/2021\/07\/22\/ultimas-medidas-sanitarias-juntas-de-propietarios\/","url_meta":{"origin":1528,"position":1},"title":"\u00daltimas medidas sanitarias &#8211; Juntas de Propietarios.","author":"Fincasbautista","date":"julio 22, 2021","format":false,"excerpt":"","rel":"","context":"En \u00abComunidades de Propietarios\u00bb","block_context":{"text":"Comunidades de Propietarios","link":"https:\/\/www.fincasbautista.es\/index.php\/category\/comunidades-de-propietarios\/"},"img":{"alt_text":"Medidas de Seguridad - Covid19","src":"https:\/\/i0.wp.com\/www.fincasbautista.es\/wp-content\/uploads\/2021\/07\/charming-girl-with-blond-hair-gathered-in-bun-wearing-striped-knotted-shirt-and-protective-face-mask-pointing-with-index-finger-and-watching-to-the-right-at-copy-space-isolated-over-grey-wall-scaled.jpg?fit=1200%2C800&ssl=1&resize=350%2C200","width":350,"height":200,"srcset":"https:\/\/i0.wp.com\/www.fincasbautista.es\/wp-content\/uploads\/2021\/07\/charming-girl-with-blond-hair-gathered-in-bun-wearing-striped-knotted-shirt-and-protective-face-mask-pointing-with-index-finger-and-watching-to-the-right-at-copy-space-isolated-over-grey-wall-scaled.jpg?fit=1200%2C800&ssl=1&resize=350%2C200 1x, https:\/\/i0.wp.com\/www.fincasbautista.es\/wp-content\/uploads\/2021\/07\/charming-girl-with-blond-hair-gathered-in-bun-wearing-striped-knotted-shirt-and-protective-face-mask-pointing-with-index-finger-and-watching-to-the-right-at-copy-space-isolated-over-grey-wall-scaled.jpg?fit=1200%2C800&ssl=1&resize=525%2C300 1.5x, https:\/\/i0.wp.com\/www.fincasbautista.es\/wp-content\/uploads\/2021\/07\/charming-girl-with-blond-hair-gathered-in-bun-wearing-striped-knotted-shirt-and-protective-face-mask-pointing-with-index-finger-and-watching-to-the-right-at-copy-space-isolated-over-grey-wall-scaled.jpg?fit=1200%2C800&ssl=1&resize=700%2C400 2x, https:\/\/i0.wp.com\/www.fincasbautista.es\/wp-content\/uploads\/2021\/07\/charming-girl-with-blond-hair-gathered-in-bun-wearing-striped-knotted-shirt-and-protective-face-mask-pointing-with-index-finger-and-watching-to-the-right-at-copy-space-isolated-over-grey-wall-scaled.jpg?fit=1200%2C800&ssl=1&resize=1050%2C600 3x"},"classes":[]},{"id":971,"url":"https:\/\/www.fincasbautista.es\/index.php\/2021\/07\/16\/guia-conflictos-vecinales-en-verano\/","url_meta":{"origin":1528,"position":2},"title":"Gu\u00eda conflictos vecinales en verano.","author":"Fincasbautista","date":"julio 16, 2021","format":false,"excerpt":"","rel":"","context":"En \u00abComunidades de Propietarios\u00bb","block_context":{"text":"Comunidades de Propietarios","link":"https:\/\/www.fincasbautista.es\/index.php\/category\/comunidades-de-propietarios\/"},"img":{"alt_text":"Conflicto vecinales","src":"https:\/\/i0.wp.com\/www.fincasbautista.es\/wp-content\/uploads\/2021\/07\/vecinos-scaled.jpg?fit=1200%2C805&ssl=1&resize=350%2C200","width":350,"height":200,"srcset":"https:\/\/i0.wp.com\/www.fincasbautista.es\/wp-content\/uploads\/2021\/07\/vecinos-scaled.jpg?fit=1200%2C805&ssl=1&resize=350%2C200 1x, https:\/\/i0.wp.com\/www.fincasbautista.es\/wp-content\/uploads\/2021\/07\/vecinos-scaled.jpg?fit=1200%2C805&ssl=1&resize=525%2C300 1.5x, https:\/\/i0.wp.com\/www.fincasbautista.es\/wp-content\/uploads\/2021\/07\/vecinos-scaled.jpg?fit=1200%2C805&ssl=1&resize=700%2C400 2x, https:\/\/i0.wp.com\/www.fincasbautista.es\/wp-content\/uploads\/2021\/07\/vecinos-scaled.jpg?fit=1200%2C805&ssl=1&resize=1050%2C600 3x"},"classes":[]},{"id":668,"url":"https:\/\/www.fincasbautista.es\/index.php\/2021\/07\/06\/piscinas-comunitarias-medidas-cautelares-de-indole-sanitaria-y-de-prevencion-covid-19\/","url_meta":{"origin":1528,"position":3},"title":"Piscinas Comunitarias: Medidas cautelares de \u00edndole sanitaria y de prevenci\u00f3n &#8211; Covid-19.","author":"Fincasbautista","date":"julio 6, 2021","format":false,"excerpt":"","rel":"","context":"En \u00abCovid-19\u00bb","block_context":{"text":"Covid-19","link":"https:\/\/www.fincasbautista.es\/index.php\/category\/covid19\/"},"img":{"alt_text":"fincas bautista, administraci\u00f3n de fincas Castelldefels","src":"https:\/\/i0.wp.com\/www.fincasbautista.es\/wp-content\/uploads\/2021\/07\/shutterstock_1741904453-scaled.jpg?fit=1200%2C800&ssl=1&resize=350%2C200","width":350,"height":200,"srcset":"https:\/\/i0.wp.com\/www.fincasbautista.es\/wp-content\/uploads\/2021\/07\/shutterstock_1741904453-scaled.jpg?fit=1200%2C800&ssl=1&resize=350%2C200 1x, https:\/\/i0.wp.com\/www.fincasbautista.es\/wp-content\/uploads\/2021\/07\/shutterstock_1741904453-scaled.jpg?fit=1200%2C800&ssl=1&resize=525%2C300 1.5x, https:\/\/i0.wp.com\/www.fincasbautista.es\/wp-content\/uploads\/2021\/07\/shutterstock_1741904453-scaled.jpg?fit=1200%2C800&ssl=1&resize=700%2C400 2x, https:\/\/i0.wp.com\/www.fincasbautista.es\/wp-content\/uploads\/2021\/07\/shutterstock_1741904453-scaled.jpg?fit=1200%2C800&ssl=1&resize=1050%2C600 3x"},"classes":[]},{"id":961,"url":"https:\/\/www.fincasbautista.es\/index.php\/2021\/07\/16\/manten-a-raya-la-covid-19-en-tu-comunidad-de-vecinos\/","url_meta":{"origin":1528,"position":4},"title":"Mant\u00e9n a raya la COVID-19 en tu comunidad de vecinos.","author":"Fincasbautista","date":"julio 16, 2021","format":false,"excerpt":"","rel":"","context":"En \u00abComunidades de Propietarios\u00bb","block_context":{"text":"Comunidades de Propietarios","link":"https:\/\/www.fincasbautista.es\/index.php\/category\/comunidades-de-propietarios\/"},"img":{"alt_text":"Covid19 - Prevenci\u00f3n, fincas castelldefels, gestion de comunidades, gestion de fincas, seguros de propiedad, seguro de hogar, fincas bautista castell de fels, gesti\u00f3n impago alquiler, alquiler Castelldefels","src":"https:\/\/i0.wp.com\/www.fincasbautista.es\/wp-content\/uploads\/2021\/07\/covid_comunidad-scaled.jpg?fit=1200%2C805&ssl=1&resize=350%2C200","width":350,"height":200,"srcset":"https:\/\/i0.wp.com\/www.fincasbautista.es\/wp-content\/uploads\/2021\/07\/covid_comunidad-scaled.jpg?fit=1200%2C805&ssl=1&resize=350%2C200 1x, https:\/\/i0.wp.com\/www.fincasbautista.es\/wp-content\/uploads\/2021\/07\/covid_comunidad-scaled.jpg?fit=1200%2C805&ssl=1&resize=525%2C300 1.5x, https:\/\/i0.wp.com\/www.fincasbautista.es\/wp-content\/uploads\/2021\/07\/covid_comunidad-scaled.jpg?fit=1200%2C805&ssl=1&resize=700%2C400 2x, https:\/\/i0.wp.com\/www.fincasbautista.es\/wp-content\/uploads\/2021\/07\/covid_comunidad-scaled.jpg?fit=1200%2C805&ssl=1&resize=1050%2C600 3x"},"classes":[]},{"id":302,"url":"https:\/\/www.fincasbautista.es\/index.php\/2021\/05\/27\/ultimas-medidas-sanitarias\/","url_meta":{"origin":1528,"position":5},"title":"\u00daltimas medidas sanitarias que afectan a las Comunidades de Propietarios.","author":"Fincasbautista","date":"mayo 27, 2021","format":false,"excerpt":"","rel":"","context":"En \u00abCovid-19\u00bb","block_context":{"text":"Covid-19","link":"https:\/\/www.fincasbautista.es\/index.php\/category\/covid19\/"},"img":{"alt_text":"","src":"https:\/\/i0.wp.com\/www.fincasbautista.es\/wp-content\/uploads\/2021\/05\/friends-standing-with-space-between-themselves-due-to-social-distancing-scaled.jpg?fit=1200%2C801&ssl=1&resize=350%2C200","width":350,"height":200,"srcset":"https:\/\/i0.wp.com\/www.fincasbautista.es\/wp-content\/uploads\/2021\/05\/friends-standing-with-space-between-themselves-due-to-social-distancing-scaled.jpg?fit=1200%2C801&ssl=1&resize=350%2C200 1x, https:\/\/i0.wp.com\/www.fincasbautista.es\/wp-content\/uploads\/2021\/05\/friends-standing-with-space-between-themselves-due-to-social-distancing-scaled.jpg?fit=1200%2C801&ssl=1&resize=525%2C300 1.5x, https:\/\/i0.wp.com\/www.fincasbautista.es\/wp-content\/uploads\/2021\/05\/friends-standing-with-space-between-themselves-due-to-social-distancing-scaled.jpg?fit=1200%2C801&ssl=1&resize=700%2C400 2x, https:\/\/i0.wp.com\/www.fincasbautista.es\/wp-content\/uploads\/2021\/05\/friends-standing-with-space-between-themselves-due-to-social-distancing-scaled.jpg?fit=1200%2C801&ssl=1&resize=1050%2C600 3x"},"classes":[]}],"jetpack_sharing_enabled":true,"_links":{"self":[{"href":"https:\/\/www.fincasbautista.es\/index.php\/wp-json\/wp\/v2\/posts\/1528","targetHints":{"allow":["GET"]}}],"collection":[{"href":"https:\/\/www.fincasbautista.es\/index.php\/wp-json\/wp\/v2\/posts"}],"about":[{"href":"https:\/\/www.fincasbautista.es\/index.php\/wp-json\/wp\/v2\/types\/post"}],"author":[{"embeddable":true,"href":"https:\/\/www.fincasbautista.es\/index.php\/wp-json\/wp\/v2\/users\/1"}],"replies":[{"embeddable":true,"href":"https:\/\/www.fincasbautista.es\/index.php\/wp-json\/wp\/v2\/comments?post=1528"}],"version-history":[{"count":3,"href":"https:\/\/www.fincasbautista.es\/index.php\/wp-json\/wp\/v2\/posts\/1528\/revisions"}],"predecessor-version":[{"id":1536,"href":"https:\/\/www.fincasbautista.es\/index.php\/wp-json\/wp\/v2\/posts\/1528\/revisions\/1536"}],"wp:featuredmedia":[{"embeddable":true,"href":"https:\/\/www.fincasbautista.es\/index.php\/wp-json\/wp\/v2\/media\/1529"}],"wp:attachment":[{"href":"https:\/\/www.fincasbautista.es\/index.php\/wp-json\/wp\/v2\/media?parent=1528"}],"wp:term":[{"taxonomy":"category","embeddable":true,"href":"https:\/\/www.fincasbautista.es\/index.php\/wp-json\/wp\/v2\/categories?post=1528"},{"taxonomy":"post_tag","embeddable":true,"href":"https:\/\/www.fincasbautista.es\/index.php\/wp-json\/wp\/v2\/tags?post=1528"}],"curies":[{"name":"wp","href":"https:\/\/api.w.org\/{rel}","templated":true}]}}